{"id":770,"date":"2019-02-19T06:59:09","date_gmt":"2019-02-19T06:59:09","guid":{"rendered":"https:\/\/kirmin.web.th-koeln.de\/?p=770"},"modified":"2019-02-27T06:01:22","modified_gmt":"2019-02-27T06:01:22","slug":"kirmin-vorstellung-aktueller-projektergebnisse-bei-der-internationalen-konfe-renz-urban-infrastructures-criticality-vulnerability-and-protection-an-der-tu-darmstadt","status":"publish","type":"post","link":"https:\/\/kirmin.web.th-koeln.de\/?p=770","title":{"rendered":"KIRMin: Vorstellung aktueller Projektergebnisse bei der Internationalen Konferenz \u201eUrban Infrastructures: Criticality, Vulnerability and Protection\u201c an der TU Darmstadt"},"content":{"rendered":"\n<p>Vom 07.02. \u2013 08.02.2019 fand die vom Graduiertenkolleg KRITIS organisierte Konferenz <em><a href=\"https:\/\/www.kritis.tu-darmstadt.de\/conference_2019\/concept\/conferenc_concept.en.jsp\">\u201eUrban Infrastructures: Criticality, Vulnerability and Protection\u201c<\/a><\/em>  an der TU Darmstadt statt. Dort pr\u00e4sentierten Eva Stock (BBK) und Julia Schiller (IREUS) Methoden und Ergebnisse aus dem Forschungsprojekt KIRMin.<\/p>\n\n\n\n<p>Im Rahmen des Panels <em>\u201eGovernance\u201c<\/em>\nstellte Eva Stock das \u201eIntegrierte Risikomanagement im Bev\u00f6lkerungsschutz\u201c als eine\nMethode vor, die die Komplexit\u00e4t der Kooperation und Kommunikation zwischen\nAkteuren des Bev\u00f6lkerungsschutzes in Deutschland adressiert. Sowohl\nvorangegangene als auch anschlie\u00dfende Beitr\u00e4ge zeigten die Forschungsl\u00fccke auf,\nan der das Integrierte Risikomanagement greifen und den Austausch von\nrelevanten Informationen zwischen staatlichen Akteuren sowie Betreibern\nKritischer Infrastrukturen f\u00f6rdern soll. <\/p>\n\n\n\n<p>Im Anschluss an die Vortr\u00e4ge zu den Themen <em>\u201eGovernance\u201c<\/em>, <em>\u201eSpatiality\u201c<\/em> und <em>\u201eTemporality\u201c<\/em>\nim Kontext Kritischer Infrastrukturen, pr\u00e4sentierte Julia Schiller ein Poster\nzu den KIRMin-Kriterien und der Einsch\u00e4tzung der Resilienz Kritischer\nInfrastrukturen. Vorgestellt wurde eine Auswahl an KIRMin-Kriterien, die unter\nBer\u00fccksichtigung relevanter Akteure eine Bewertung der Resilienz von Kritischen\nInfrastrukturen als sozio\u00f6konomisches Gesamtsystem erm\u00f6glichen. Beispielhafte\nKriterien sind hierbei die F\u00e4higkeit zur Selbsthilfe der Bev\u00f6lkerung oder auch\ndie gemeinsame Notfallplanung zwischen KRITIS-Betreibern und Mittlern (siehe\nPoster). <\/p>\n\n\n\n<figure class=\"wp-block-image\"><img loading=\"lazy\" decoding=\"async\" width=\"768\" height=\"1024\" src=\"https:\/\/kirmin.web.th-koeln.de\/wp-content\/uploads\/2019\/02\/Homepage-768x1024.jpeg\" alt=\"\" class=\"wp-image-771\" srcset=\"https:\/\/kirmin.web.th-koeln.de\/wp-content\/uploads\/2019\/02\/Homepage-768x1024.jpeg 768w, https:\/\/kirmin.web.th-koeln.de\/wp-content\/uploads\/2019\/02\/Homepage-225x300.jpeg 225w, https:\/\/kirmin.web.th-koeln.de\/wp-content\/uploads\/2019\/02\/Homepage-700x933.jpeg 700w, https:\/\/kirmin.web.th-koeln.de\/wp-content\/uploads\/2019\/02\/Homepage-520x693.jpeg 520w, https:\/\/kirmin.web.th-koeln.de\/wp-content\/uploads\/2019\/02\/Homepage-360x480.jpeg 360w, https:\/\/kirmin.web.th-koeln.de\/wp-content\/uploads\/2019\/02\/Homepage-250x333.jpeg 250w, https:\/\/kirmin.web.th-koeln.de\/wp-content\/uploads\/2019\/02\/Homepage-100x133.jpeg 100w\" sizes=\"auto, (max-width: 768px) 100vw, 768px\" \/><figcaption>Julia Schiller (IREUS Uni Stuttgart) und Eva Stock (BBK) vom KIRMin Projekt stellen Ergebnisse bei der Internationalen Konfe-renz \u201eUrban Infrastructures: Criticality, Vulnerability and Protection\u201c an der TU Darmstadt vor.<\/figcaption><\/figure>\n\n\n\n<hr class=\"wp-block-separator\"\/>\n\n\n\n<p><br><\/p>\n","protected":false},"excerpt":{"rendered":"<p>Vom 07.02. \u2013 08.02.2019 fand die vom Graduiertenkolleg KRITIS organisierte Konferenz \u201eUrban Infrastructures: Criticality, Vulnerability and Protection\u201c an der TU Darmstadt statt. Dort pr\u00e4sentierten Eva Stock (BBK) und Julia Schiller (IREUS) Methoden und Ergebnisse aus dem Forschungsprojekt KIRMin. Im Rahmen [&hellip;]<\/p>\n","protected":false},"author":1,"featured_media":0,"comment_status":"closed","ping_status":"closed","sticky":false,"template":"","format":"standard","meta":{"footnotes":""},"categories":[1],"tags":[],"class_list":["post-770","post","type-post","status-publish","format-standard","hentry","category-uncategorized","clearfix"],"_links":{"self":[{"href":"https:\/\/kirmin.web.th-koeln.de\/index.php?rest_route=\/wp\/v2\/posts\/770","targetHints":{"allow":["GET"]}}],"collection":[{"href":"https:\/\/kirmin.web.th-koeln.de\/index.php?rest_route=\/wp\/v2\/posts"}],"about":[{"href":"https:\/\/kirmin.web.th-koeln.de\/index.php?rest_route=\/wp\/v2\/types\/post"}],"author":[{"embeddable":true,"href":"https:\/\/kirmin.web.th-koeln.de\/index.php?rest_route=\/wp\/v2\/users\/1"}],"replies":[{"embeddable":true,"href":"https:\/\/kirmin.web.th-koeln.de\/index.php?rest_route=%2Fwp%2Fv2%2Fcomments&post=770"}],"version-history":[{"count":2,"href":"https:\/\/kirmin.web.th-koeln.de\/index.php?rest_route=\/wp\/v2\/posts\/770\/revisions"}],"predecessor-version":[{"id":779,"href":"https:\/\/kirmin.web.th-koeln.de\/index.php?rest_route=\/wp\/v2\/posts\/770\/revisions\/779"}],"wp:attachment":[{"href":"https:\/\/kirmin.web.th-koeln.de\/index.php?rest_route=%2Fwp%2Fv2%2Fmedia&parent=770"}],"wp:term":[{"taxonomy":"category","embeddable":true,"href":"https:\/\/kirmin.web.th-koeln.de\/index.php?rest_route=%2Fwp%2Fv2%2Fcategories&post=770"},{"taxonomy":"post_tag","embeddable":true,"href":"https:\/\/kirmin.web.th-koeln.de\/index.php?rest_route=%2Fwp%2Fv2%2Ftags&post=770"}],"curies":[{"name":"wp","href":"https:\/\/api.w.org\/{rel}","templated":true}]}}