{"id":443,"date":"2018-07-03T07:34:20","date_gmt":"2018-07-03T07:34:20","guid":{"rendered":"http:\/\/kirmin.web.th-koeln.de\/?p=443"},"modified":"2024-06-27T14:50:55","modified_gmt":"2024-06-27T14:50:55","slug":"vorstellung-der-kirmin-kriterien-beim-bmbf-innovationsforum-zivile-sicherheit-2018-in-berlin","status":"publish","type":"post","link":"https:\/\/kirmin.web.th-koeln.de\/?p=443","title":{"rendered":"Vorstellung der KIRMin-Kriterien beim BMBF-Innovationsforum &#8222;Zivile Sicherheit&#8220; 2018 in Berlin"},"content":{"rendered":"<p>[:de]Die KIRMin ProjektmitarbeiterInnen Julia Schiller (IREUS) und Dr. Florian Neisser (TH K\u00f6ln IRG) nahmen am diesj\u00e4hrigen BMBF Innovationsforum \u201eZivile Sicherheit\u201c in Berlin (19. und 20. Juni 2018 ) teil und vertraten dabei das Projekt. Frau Julia Schiller vom Institut f\u00fcr Raumordnung und Entwicklungsplanung der Universit\u00e4t Stuttgart pr\u00e4sentierte dabei im Rahmen der Postersession ein Poster, welches die KIRMin-Kriterien zur Bewertung der Resilienz von Kritischen Infrastrukturen darlegt.<\/p>\n<figure id=\"attachment_444\" aria-describedby=\"caption-attachment-444\" style=\"width: 163px\" class=\"wp-caption alignright\"><img loading=\"lazy\" decoding=\"async\" class=\"wp-image-444 size-medium\" src=\"http:\/\/kirmin.web.th-koeln.de\/wp-content\/uploads\/2018\/07\/JSchiller_Poster_Innovationsforum-163x300.jpg\" alt=\"\" width=\"163\" height=\"300\" srcset=\"https:\/\/kirmin.web.th-koeln.de\/wp-content\/uploads\/2018\/07\/JSchiller_Poster_Innovationsforum-163x300.jpg 163w, https:\/\/kirmin.web.th-koeln.de\/wp-content\/uploads\/2018\/07\/JSchiller_Poster_Innovationsforum-768x1418.jpg 768w, https:\/\/kirmin.web.th-koeln.de\/wp-content\/uploads\/2018\/07\/JSchiller_Poster_Innovationsforum-555x1024.jpg 555w\" sizes=\"auto, (max-width: 163px) 100vw, 163px\" \/><figcaption id=\"caption-attachment-444\" class=\"wp-caption-text\">KIRMin Projektmitarbeiterin Julia Schiller (IREUS) pr\u00e4sentiert die KIRMin-Kriterien<\/figcaption><\/figure>\n<figure id=\"attachment_445\" aria-describedby=\"caption-attachment-445\" style=\"width: 212px\" class=\"wp-caption alignright\"><a href=\"http:\/\/kirmin.web.th-koeln.de\/wp-content\/uploads\/2018\/07\/Schiller_Poster_KIRMin_BMBF.pdf\"><img loading=\"lazy\" decoding=\"async\" class=\"wp-image-445 size-medium\" src=\"http:\/\/kirmin.web.th-koeln.de\/wp-content\/uploads\/2018\/07\/Schiller_Poster_KIRMin_BMBF-212x300.png\" alt=\"\" width=\"212\" height=\"300\" srcset=\"https:\/\/kirmin.web.th-koeln.de\/wp-content\/uploads\/2018\/07\/Schiller_Poster_KIRMin_BMBF-212x300.png 212w, https:\/\/kirmin.web.th-koeln.de\/wp-content\/uploads\/2018\/07\/Schiller_Poster_KIRMin_BMBF.png 650w\" sizes=\"auto, (max-width: 212px) 100vw, 212px\" \/><\/a><figcaption id=\"caption-attachment-445\" class=\"wp-caption-text\">Poster &#8222;KIRMin Kriterien zur Bewertung der Resilienz von KRITIS&#8220; (J. Schiller &amp; Prof. Dr. J. Birkmann)<\/figcaption><\/figure>\n<p>Die erarbeiteten KIRMin-Kriterien spiegeln die wichtige Zusammenarbeit der der drei wesentlichen Akteure wider: KRITIS-Betreiber, KRITIS Endnutzer und \u201eMittler\u201c (Staat, Beh\u00f6rden und Organisationen mit Sicherheitsaufgaben, NGOs etc.). Die Kooperation dieser Akteure ist essentiell um Kritische Infrastrukturen Resilienz zu erreichen. Das Projekt schafft einen gezielten Austausch zwischen den Akteuren und erarbeitet praxisrelevante Ergebnisse mit dem Ziel ein Konzept zur Mindestversorgung Kritischer Infrastrukturen w\u00e4hrend eines langanhaltenden und gro\u00dffl\u00e4chigen Stromausfalls zu erstellen. Die KIRMin-Kriterien sind ein wichtiger Baustein dieser Ziele.<\/p>\n<p>Die Anwendung der KIRMin-Kriterien wird in Form einer Checkliste erfolgen, die KRITIS-Betreiber aus dem Bereich Strom und (Ab-)Wasser nutzen k\u00f6nnen, um die Resilienz ihrer Systeme als sozio-technisches Gesamtsystem zu ermitteln. Die KIRMin-Checkliste legt nicht nur Schwachstellen offen, die durch Gegenma\u00dfnahmen optimierbar sind, sondern k\u00f6nnte auch einen Gesamtindex zum Vergleich des Standes der Resilienz unterschiedlicher KRITIS-Betreiber liefern.<\/p>\n<p><a href=\"http:\/\/kirmin.web.th-koeln.de\/wp-content\/uploads\/2018\/07\/Schiller_Poster_KIRMin_BMBF.pdf\">Poster KIRMin Kriterien<\/a><\/p>\n","protected":false},"excerpt":{"rendered":"<p>[:de]Die KIRMin ProjektmitarbeiterInnen Julia Schiller (IREUS) und Dr. Florian Neisser (TH K\u00f6ln IRG) nahmen am diesj\u00e4hrigen BMBF Innovationsforum \u201eZivile Sicherheit\u201c in Berlin (19. und 20. Juni 2018 ) teil und vertraten dabei das Projekt. Frau Julia Schiller vom Institut f\u00fcr [&hellip;]<\/p>\n","protected":false},"author":1,"featured_media":0,"comment_status":"closed","ping_status":"closed","sticky":false,"template":"","format":"standard","meta":{"footnotes":""},"categories":[1],"tags":[],"class_list":["post-443","post","type-post","status-publish","format-standard","hentry","category-uncategorized","clearfix"],"_links":{"self":[{"href":"https:\/\/kirmin.web.th-koeln.de\/index.php?rest_route=\/wp\/v2\/posts\/443","targetHints":{"allow":["GET"]}}],"collection":[{"href":"https:\/\/kirmin.web.th-koeln.de\/index.php?rest_route=\/wp\/v2\/posts"}],"about":[{"href":"https:\/\/kirmin.web.th-koeln.de\/index.php?rest_route=\/wp\/v2\/types\/post"}],"author":[{"embeddable":true,"href":"https:\/\/kirmin.web.th-koeln.de\/index.php?rest_route=\/wp\/v2\/users\/1"}],"replies":[{"embeddable":true,"href":"https:\/\/kirmin.web.th-koeln.de\/index.php?rest_route=%2Fwp%2Fv2%2Fcomments&post=443"}],"version-history":[{"count":5,"href":"https:\/\/kirmin.web.th-koeln.de\/index.php?rest_route=\/wp\/v2\/posts\/443\/revisions"}],"predecessor-version":[{"id":1205,"href":"https:\/\/kirmin.web.th-koeln.de\/index.php?rest_route=\/wp\/v2\/posts\/443\/revisions\/1205"}],"wp:attachment":[{"href":"https:\/\/kirmin.web.th-koeln.de\/index.php?rest_route=%2Fwp%2Fv2%2Fmedia&parent=443"}],"wp:term":[{"taxonomy":"category","embeddable":true,"href":"https:\/\/kirmin.web.th-koeln.de\/index.php?rest_route=%2Fwp%2Fv2%2Fcategories&post=443"},{"taxonomy":"post_tag","embeddable":true,"href":"https:\/\/kirmin.web.th-koeln.de\/index.php?rest_route=%2Fwp%2Fv2%2Ftags&post=443"}],"curies":[{"name":"wp","href":"https:\/\/api.w.org\/{rel}","templated":true}]}}