{"id":1085,"date":"2019-07-04T17:14:46","date_gmt":"2019-07-04T17:14:46","guid":{"rendered":"https:\/\/kirmin.web.th-koeln.de\/?p=1085"},"modified":"2019-07-04T17:14:48","modified_gmt":"2019-07-04T17:14:48","slug":"vorstellung-von-kirmin-fuer-koreanische-kritis-betreiber","status":"publish","type":"post","link":"https:\/\/kirmin.web.th-koeln.de\/?p=1085","title":{"rendered":"Vorstellung von KIRMin f\u00fcr koreanische KRITIS-Betreiber"},"content":{"rendered":"\n<p>Am 19. Juni 2019 stellte Chris Hetk\u00e4mper einer koreanische Delegation, welche das Deutsche Komitee der Katastrophenvorsorge (DKKV) besucht hat, das Forschungsprojekt KIRMin vor. Die Delegation setzte sich aus Betreibern der Gas- und Elektrizit\u00e4tsversorgung zusammen.  <\/p>\n\n\n\n<p>In diesem Rahmen erl\u00e4uterte er allgemein, wie Kritische Infrastrukturen (KRITIS) in Deutschland definiert sind und diese voneinander abh\u00e4ngen. Aus KIRMin pr\u00e4sentierte er im speziellen auszugsweise Ergebnisse und welchen Mehrwert diese f\u00fcr Beh\u00f6rden und KRITIS-Betreibern haben. <\/p>\n\n\n\n<div class=\"wp-block-image\"><figure class=\"aligncenter is-resized\"><img loading=\"lazy\" decoding=\"async\" src=\"https:\/\/kirmin.web.th-koeln.de\/wp-content\/uploads\/2019\/07\/KakaoTalk_20190515_09563395722-725x1024.jpg\" alt=\"\" class=\"wp-image-1086\" width=\"544\" height=\"768\" srcset=\"https:\/\/kirmin.web.th-koeln.de\/wp-content\/uploads\/2019\/07\/KakaoTalk_20190515_09563395722-725x1024.jpg 725w, https:\/\/kirmin.web.th-koeln.de\/wp-content\/uploads\/2019\/07\/KakaoTalk_20190515_09563395722-212x300.jpg 212w, https:\/\/kirmin.web.th-koeln.de\/wp-content\/uploads\/2019\/07\/KakaoTalk_20190515_09563395722-768x1085.jpg 768w, https:\/\/kirmin.web.th-koeln.de\/wp-content\/uploads\/2019\/07\/KakaoTalk_20190515_09563395722-700x989.jpg 700w, https:\/\/kirmin.web.th-koeln.de\/wp-content\/uploads\/2019\/07\/KakaoTalk_20190515_09563395722-520x735.jpg 520w, https:\/\/kirmin.web.th-koeln.de\/wp-content\/uploads\/2019\/07\/KakaoTalk_20190515_09563395722-360x509.jpg 360w, https:\/\/kirmin.web.th-koeln.de\/wp-content\/uploads\/2019\/07\/KakaoTalk_20190515_09563395722-250x353.jpg 250w, https:\/\/kirmin.web.th-koeln.de\/wp-content\/uploads\/2019\/07\/KakaoTalk_20190515_09563395722-100x141.jpg 100w, https:\/\/kirmin.web.th-koeln.de\/wp-content\/uploads\/2019\/07\/KakaoTalk_20190515_09563395722.jpg 1417w\" sizes=\"auto, (max-width: 544px) 100vw, 544px\" \/><figcaption>  \u00a9 Korea-Delegation <\/figcaption><\/figure><\/div>\n","protected":false},"excerpt":{"rendered":"<p>Am 19. Juni 2019 stellte Chris Hetk\u00e4mper einer koreanische Delegation, welche das Deutsche Komitee der Katastrophenvorsorge (DKKV) besucht hat, das Forschungsprojekt KIRMin vor. Die Delegation setzte sich aus Betreibern der Gas- und Elektrizit\u00e4tsversorgung zusammen. In diesem Rahmen erl\u00e4uterte er allgemein, [&hellip;]<\/p>\n","protected":false},"author":68,"featured_media":0,"comment_status":"closed","ping_status":"closed","sticky":false,"template":"","format":"standard","meta":{"footnotes":""},"categories":[1],"tags":[],"class_list":["post-1085","post","type-post","status-publish","format-standard","hentry","category-uncategorized","clearfix"],"_links":{"self":[{"href":"https:\/\/kirmin.web.th-koeln.de\/index.php?rest_route=\/wp\/v2\/posts\/1085","targetHints":{"allow":["GET"]}}],"collection":[{"href":"https:\/\/kirmin.web.th-koeln.de\/index.php?rest_route=\/wp\/v2\/posts"}],"about":[{"href":"https:\/\/kirmin.web.th-koeln.de\/index.php?rest_route=\/wp\/v2\/types\/post"}],"author":[{"embeddable":true,"href":"https:\/\/kirmin.web.th-koeln.de\/index.php?rest_route=\/wp\/v2\/users\/68"}],"replies":[{"embeddable":true,"href":"https:\/\/kirmin.web.th-koeln.de\/index.php?rest_route=%2Fwp%2Fv2%2Fcomments&post=1085"}],"version-history":[{"count":3,"href":"https:\/\/kirmin.web.th-koeln.de\/index.php?rest_route=\/wp\/v2\/posts\/1085\/revisions"}],"predecessor-version":[{"id":1089,"href":"https:\/\/kirmin.web.th-koeln.de\/index.php?rest_route=\/wp\/v2\/posts\/1085\/revisions\/1089"}],"wp:attachment":[{"href":"https:\/\/kirmin.web.th-koeln.de\/index.php?rest_route=%2Fwp%2Fv2%2Fmedia&parent=1085"}],"wp:term":[{"taxonomy":"category","embeddable":true,"href":"https:\/\/kirmin.web.th-koeln.de\/index.php?rest_route=%2Fwp%2Fv2%2Fcategories&post=1085"},{"taxonomy":"post_tag","embeddable":true,"href":"https:\/\/kirmin.web.th-koeln.de\/index.php?rest_route=%2Fwp%2Fv2%2Ftags&post=1085"}],"curies":[{"name":"wp","href":"https:\/\/api.w.org\/{rel}","templated":true}]}}